{"id":13934,"date":"2018-06-15T23:28:35","date_gmt":"2018-06-15T23:28:35","guid":{"rendered":"http:\/\/afficha.info\/?p=13934"},"modified":"2018-07-06T19:56:29","modified_gmt":"2018-07-06T19:56:29","slug":"les-regards-contemporains-sur-les-figures-mythiques-et-historiques-grecques-et-romaines","status":"publish","type":"post","link":"https:\/\/afficha.info\/?p=13934","title":{"rendered":"Festival de M\u00e9rida: les regards contemporains sur les figures mythiques et historiques grecques et romaines"},"content":{"rendered":"<p><span class=\"dates-evenement\">Du 29 juin au 26 ao\u00fbt 2018<\/span> &#8211;<span class=\"lieu-evenement\"> 64e Festival International de Th\u00e9\u00e2tre Classique de M\u00e9rida<\/span><\/p>\n<p><span class=\"lieu-evenement\"><img loading=\"lazy\" decoding=\"async\" class=\"aligncenter size-full wp-image-13935\" src=\"http:\/\/afficha.info\/wp-content\/uploads\/2018\/06\/merida3.jpg\" alt=\"\" width=\"550\" height=\"290\" data-id=\"13935\" srcset=\"https:\/\/afficha.info\/wp-content\/uploads\/2018\/06\/merida3.jpg 550w, https:\/\/afficha.info\/wp-content\/uploads\/2018\/06\/merida3-84x44.jpg 84w\" sizes=\"auto, (max-width: 550px) 100vw, 550px\" \/><\/span><\/p>\n<p>La 64e \u00e9dition du Festival International de Th\u00e9\u00e2tre Classique de M\u00e9rida, pr\u00e9sent\u00e9 fin mars dans le lieu m\u00eame du Festival, le 14 mai \u00e0 Lisbonne et le 24 mai \u00e0 Bruxelles, r\u00e9affirme son exploration du potentiel contemporain des \u0153uvres classiques grecques et romaines, leur capacit\u00e9 de mutation entre le th\u00e9\u00e2tre, le cin\u00e9ma et la danse, consolide l&rsquo;extension de sa programmation \u00e0 d&rsquo;autres sites romains dans les environs de M\u00e9rida, Medell\u00edn, R\u00e9gina et Caparra, sans compter les lieux magiques de la ville : Le Temple de Diane, le portique du forum, les termes de la calle Pontezuela et la pla\u00e7a de Naranjos, destin\u00e9s aux spectacles du off. Cette ann\u00e9e, en primeur de sa programmation, quelques spectacles du festival sont pr\u00e9sent\u00e9s \u00e0 Tarragone, dans le cadre des Jeux M\u00e9diterran\u00e9ens en juin 2018.\u00a0La programmation : 8 spectacles de th\u00e9\u00e2tre et 2 de danse, dans laquelle on rel\u00e8ve entre autres : Ph\u00e8dre, Hippolyte, N\u00e9ron, Philoct\u00e8te, sera inaugur\u00e9e le 29 juin par <a href=\"http:\/\/afficha.info\/?p=12248\">Electra de Antonio Ruz<\/a>, la magnifique cr\u00e9ation du Ballet Nacional de Epa\u00f1a dirig\u00e9 par Antonio Najarro, dont j&rsquo;ai rendu compte il y a quelques mois.\u00a0<\/p>\n<p>Le plus ancien festival de th\u00e9\u00e2tre en Espagne, le Festival International de Th\u00e9\u00e2tre Classique de M\u00e9rida, fond\u00e9 en 1933, inaugur\u00e9 avec M\u00e9d\u00e9a de S\u00e9n\u00e8que dans la version de Miguel de Unamuno, avec la mythique actrice Margarita Xirgu dans le r\u00f4le-titre, Fut suspendu en 1934 (p\u00e9riode de turbulences et affrontements politiques qui d\u00e9bouchent sur la guerre civile). \u0415n 1954, il reprend vie en s&rsquo;inaugurant avec Ph\u00e8dre.\u00a0Tandis que le Festival d&rsquo;Almagro est centr\u00e9 sur le th\u00e9\u00e2tre classique moderne (auteurs espagnols et \u00e9trangers du XVIe et XVIIe s.) le Festival de M\u00e9rida pr\u00e9sente principalement des \u0153uvres des auteurs antiques grecs et latins, sans pour autant perdre de vue le patrimoine classique moderne. Ainsi par exemple, a-t-on pu y voir en 2008, un inoubliable Avare de Moli\u00e8re, mont\u00e9 par Jorge Lavelli.\u00a0Au fur et \u00e0 mesure, dans ses programmations, se sont impos\u00e9es des versions modernes et des r\u00e9\u00e9critures des classiques depuis notre regard d&rsquo;aujourd&rsquo;hui sur ces textes.\u00a0<\/p>\n<div id=\"attachment_13937\" style=\"width: 360px\" class=\"wp-caption aligncenter\"><img loading=\"lazy\" decoding=\"async\" aria-describedby=\"caption-attachment-13937\" class=\"wp-image-13937 size-full\" src=\"http:\/\/afficha.info\/wp-content\/uploads\/2018\/06\/directeur-merida.jesus-cimarro.jpg\" alt=\"\" width=\"350\" height=\"466\" data-id=\"13937\" srcset=\"https:\/\/afficha.info\/wp-content\/uploads\/2018\/06\/directeur-merida.jesus-cimarro.jpg 350w, https:\/\/afficha.info\/wp-content\/uploads\/2018\/06\/directeur-merida.jesus-cimarro-38x50.jpg 38w\" sizes=\"auto, (max-width: 350px) 100vw, 350px\" \/><p id=\"caption-attachment-13937\" class=\"wp-caption-text\">Jesus Cimarro<\/p><\/div>\n<p style=\"text-align: justify;\">Jesus Cimarro, qui dirige le Festival depuis 2012, a amplifi\u00e9 cette tendance qui resitue le Festival dans une perspective clairement contemporaine.\u00a0Peu de festivals fusionnent le patrimoine historique et th\u00e9\u00e2tral comme c&rsquo;est le cas de celui de M\u00e9rida, avec son monumental amphith\u00e9\u00e2tre romain (du Ier s. de notre \u00e8re), sc\u00e8ne principale du Festival et plusieurs autres monuments de l&rsquo;\u00e9poque, devenus lieux de spectacles.\u00a0Faire revivre les figures mythiques et historiques dans ce cadre, vestige de l&rsquo;univers antique, en les int\u00e9grant dans notre monde contemporain, c&rsquo;est la magie qui s&rsquo;op\u00e8re ici au moyen du th\u00e9\u00e2tre.<\/p>\n<p style=\"text-align: justify;\">Le th\u00e9\u00e2tre fournit souvent des sujets et des personnages aux artistes d&rsquo;autres disciplines artistiques. Le cin\u00e9ma aussi.<\/p>\n<p style=\"text-align: justify;\">Ainsi les grandes fresques th\u00e9\u00e2trales : Ben Hur, version Nancho Novo, mis en sc\u00e8ne David Ottone et Juan Ramos Toro, et N\u00e9ron d&rsquo;Eduardo Galan, mis en sc\u00e8ne par Alberto Castrillo Ferrer, qui seront des \u00e9v\u00e9nements du Festival, sont-elles inspir\u00e9es par des films qui ont marqu\u00e9 l&rsquo;histoire du cin\u00e9ma.\u00a0Ben Hur (du 4 au 8 juillet) cr\u00e9ation de la compagnie renomm\u00e9e Yllana, fid\u00e8le au contenu du roman de Lewis Wallace, est un voyage dans tous les lieux communs de l&rsquo;imaginaire collectif, avec de multiples aventures en \u00ab teatroscope \u00bb. Parodie, humour, usage intelligent du visuel, un jeu constant entre le langage cin\u00e9matographique et th\u00e9\u00e2tral sont quelques-uns des grands atouts de ce spectacle.\u00a0Dans N\u00e9ron (11, 15 juillet), inspir\u00e9 du roman de Henryk Sienkiewicz et du film qui en a \u00e9t\u00e9 tir\u00e9 de textes de P\u00e9trone, Su\u00e9tone, Eduardo Galan montre un autre versant du fameux empereur, tyran cruel, pr\u00e9tendument incendiaire de Rome, assassin de plusieurs membres de sa famille, etc.<\/p>\n<p style=\"text-align: justify;\">C&rsquo;est un N\u00e9ron artiste, esth\u00e8te, visionnaire, qui en r\u00e9alit\u00e9 n&rsquo;\u00e9tait pas l&rsquo;auteur de l&rsquo;incendie de Rome mais en a profit\u00e9 pour la reconstruire \u00e0 son gout. Figure de transgression, image embl\u00e9matique des fous sanguinaires qui, tout au long de l&rsquo;histoire, n&rsquo;ont cess\u00e9 d&rsquo;opprimer les peuples tout en \u00e9tant adul\u00e9s par les masses aveugles et soumises.\u00a0Pouvoir, art, politique et folie, tout cela se fond dans N\u00e9ron.<\/p>\n<p style=\"text-align: justify;\">Le grand acteur comique El Brujo, Rafael Alvarez, propose dans Eschyle, naissance et mort de la trag\u00e9die, (du 18 au 22 juillet) une travers\u00e9e pleine d&rsquo;humour de l&rsquo;univers du p\u00e8re du th\u00e9\u00e2tre grec.<\/p>\n<p style=\"text-align: justify;\">Dans la version contemporaine de Jordi Casanovas de Philoct\u00e8te de Sophocle (25, 29 juillet), mise en sc\u00e8ne Antonio Simon, le h\u00e9ros grec trahi par ses compagnons, symbole de l&rsquo;injustice, renvoie aujourd&rsquo;hui \u00e0 la probl\u00e9matique de l&rsquo;impunit\u00e9, de l&rsquo;usage de la justice et du pouvoir par les politiques pour leur propre profit.<\/p>\n<p style=\"text-align: justify;\"><img loading=\"lazy\" decoding=\"async\" class=\"aligncenter size-full wp-image-13938\" src=\"http:\/\/afficha.info\/wp-content\/uploads\/2018\/06\/merida2.jpg\" alt=\"\" width=\"620\" height=\"246\" data-id=\"13938\" srcset=\"https:\/\/afficha.info\/wp-content\/uploads\/2018\/06\/merida2.jpg 620w, https:\/\/afficha.info\/wp-content\/uploads\/2018\/06\/merida2-84x33.jpg 84w\" sizes=\"auto, (max-width: 620px) 100vw, 620px\" \/><\/p>\n<p style=\"text-align: justify;\">Le jeune et d\u00e9j\u00e0 renomm\u00e9 auteur, Paco Bezerra, (laur\u00e9at du Prix National de Litt\u00e9rature Dramatique), propose une version contemporaine de Ph\u00e8dre (du 1er au 5 ao\u00fbt) mise en sc\u00e8ne par Luis Luque. D\u00e9pouill\u00e9e de scrupules, n&rsquo;\u00e9coutant que la passion qui la d\u00e9vore, Ph\u00e8dre est une femme combative, exempte de culpabilit\u00e9, qui ose aimer et en parle sans retenue. Dans la probl\u00e9matique de la passion d\u00e9vastatrice Paco Bezerra ins\u00e8re le th\u00e8me de la l\u00e9gitimit\u00e9 et de la rivalit\u00e9 pour le pouvoir entre Hippolyte et Acamante, fils de Ph\u00e8dre et de Th\u00e9s\u00e9e. Les arts visuels et la musique sont les protagonistes importants de cette cr\u00e9ation.\u00a0Comme en dialogue avec Ph\u00e8dre de Paco Bezerra, Hippolyte, d&rsquo;apr\u00e8s Euripide, dans une version de Isidro Timon et Emilio del Valle, mise en sc\u00e8ne de ce dernier, (22, 26 aout) est une lecture contemporaine d&rsquo;Hippolyte, objet de la passion irr\u00e9sistible de Ph\u00e8dre. Le spectacle est bas\u00e9 sur l\u00a0\u00bbaffrontement entre l&rsquo;amour de Ph\u00e8dre pour Hippolyte, pouss\u00e9 au suicide par la peur de \u00ab qu&rsquo;en-dira-t-on \u00bb et la r\u00e9sistance du jeune homme, image de la lutte permanente homme, femme, dans laquelle la femme se bat toujours \u00e0 son d\u00e9savantage.<\/p>\n<p>Penth\u00e9sil\u00e9e de Von Kleist a inspir\u00e9 une cr\u00e9ation chor\u00e9graphique Les Amazones (du 8 au 12 ao\u00fbt) de Mag\u00fci Mira. Le mythe des femmes guerri\u00e8res qui avec la force des armes se rebellent devant l&rsquo;abus physique des hommes, est aujourd&rsquo;hui d&rsquo;une actualit\u00e9 inattendue avec le surgissement de nouveaux mouvements f\u00e9ministes, dont \u00ab Me too \u00bb.\u00a0La loi de la tribu des Amazones, excluant et combattant les hommes, prohibant l&rsquo;amour, n&rsquo;est gu\u00e8re concevable dans la soci\u00e9t\u00e9 moderne. Sur quelles bases et lois \u00e9quitables peut-on envisager la r\u00e9conciliation et une coexistence pacifique ?<\/p>\n<p style=\"text-align: justify;\">La com\u00e9die de Plaute Les revenants (15, 19 ao\u00fbt) version libre de Miguel Murillo mise en sc\u00e8ne de F\u00e9lix Estaire, apporte dans l&rsquo;univers sombre des trag\u00e9dies grecques, une bonne dose d&rsquo;humour d\u00e9sopilant.\u00a0Un millionnaire avaricieux, un valet astucieux, un fils niais et quelques professionnels de l&rsquo;usure, luttent pour un butin qui passe de main en main. La soci\u00e9t\u00e9 romaine du IIe s. avant notre \u00e8re, d\u00e9crite par Plaute, est une photo exacte de la n\u00f4tre avec les affaires de corruption, des fraudes, des d\u00e9tournements des deniers publics.\u00a0Miguel Murillo actualise dans sa version la pi\u00e8ce de Plaute avec des r\u00e9f\u00e9rences aux affaires qui font la une des journaux. Les embrouilles, coups de th\u00e9\u00e2tre, situations invraisemblables, se multiplient dans ce spectacle d\u00e9lirant.<\/p>\n<p style=\"text-align: justify;\">Le d\u00e9nominateur commun des versions des classiques grecs propos\u00e9es par des auteurs d&rsquo;aujourd&rsquo;hui est l&rsquo;interrogation des principes fondateurs de l&rsquo;ordre politique, social et moral, patriarcal, dont nous sommes encore tributaires et dont la femme est la premi\u00e8re victime.<\/p>\n<p style=\"text-align: justify;\">Pourquoi perdurent-ils ? \u00c0 qui profitent-ils ? D&rsquo;o\u00f9 vient leur l\u00e9gitimit\u00e9 ? Notre lib\u00e9ration v\u00e9ritable doit commencer par la mise en question de ces lois archa\u00efques qui g\u00e9n\u00e8rent l&rsquo;oppression, l&rsquo;in\u00e9galit\u00e9 et les conflits. R\u00e9visons aussi le mythe de la fameuse d\u00e9mocratie grecque qui nous sert toujours d&rsquo;exemple.<\/p>\n","protected":false},"excerpt":{"rendered":"<p>Du 29 juin au 26 ao\u00fbt 2018 &#8211; 64e Festival International de Th\u00e9\u00e2tre Classique de M\u00e9rida La 64e \u00e9dition du Festival International de Th\u00e9\u00e2tre Classique de M\u00e9rida, pr\u00e9sent\u00e9 fin mars dans le lieu m\u00eame du Festival, le 14 mai \u00e0 Lisbonne et le 24 mai \u00e0 Bruxelles, r\u00e9affirme son exploration du potentiel contemporain des \u0153uvres &hellip;<\/p>\n","protected":false},"author":6,"featured_media":0,"comment_status":"closed","ping_status":"closed","sticky":false,"template":"","format":"standard","meta":{"iawp_total_views":4,"footnotes":""},"categories":[1],"tags":[],"class_list":["post-13934","post","type-post","status-publish","format-standard","hentry","category-divers"],"_links":{"self":[{"href":"https:\/\/afficha.info\/index.php?rest_route=\/wp\/v2\/posts\/13934","targetHints":{"allow":["GET"]}}],"collection":[{"href":"https:\/\/afficha.info\/index.php?rest_route=\/wp\/v2\/posts"}],"about":[{"href":"https:\/\/afficha.info\/index.php?rest_route=\/wp\/v2\/types\/post"}],"author":[{"embeddable":true,"href":"https:\/\/afficha.info\/index.php?rest_route=\/wp\/v2\/users\/6"}],"replies":[{"embeddable":true,"href":"https:\/\/afficha.info\/index.php?rest_route=%2Fwp%2Fv2%2Fcomments&post=13934"}],"version-history":[{"count":0,"href":"https:\/\/afficha.info\/index.php?rest_route=\/wp\/v2\/posts\/13934\/revisions"}],"wp:attachment":[{"href":"https:\/\/afficha.info\/index.php?rest_route=%2Fwp%2Fv2%2Fmedia&parent=13934"}],"wp:term":[{"taxonomy":"category","embeddable":true,"href":"https:\/\/afficha.info\/index.php?rest_route=%2Fwp%2Fv2%2Fcategories&post=13934"},{"taxonomy":"post_tag","embeddable":true,"href":"https:\/\/afficha.info\/index.php?rest_route=%2Fwp%2Fv2%2Ftags&post=13934"}],"curies":[{"name":"wp","href":"https:\/\/api.w.org\/{rel}","templated":true}]}}