{"id":26508,"date":"2025-06-12T14:50:06","date_gmt":"2025-06-12T14:50:06","guid":{"rendered":"https:\/\/afficha.info\/?p=26508"},"modified":"2025-06-12T14:51:00","modified_gmt":"2025-06-12T14:51:00","slug":"slava-polounine-fete-140-eme-anniversaire-de-charles-dullin-au-moulin-jaune","status":"publish","type":"post","link":"https:\/\/afficha.info\/?p=26508","title":{"rendered":"Slava Polounine f\u00eate 140 \u00e8me anniversaire de Charles Dullin au Moulin Jaune"},"content":{"rendered":"<p><span class=\"yt-core-attributed-string yt-core-attributed-string--white-space-pre-wrap\" dir=\"auto\" role=\"text\"><span class=\"yt-core-attributed-string--link-inherit-color\" dir=\"auto\">Le reportage improvis\u00e9 en deux parties avec \u00e9pilogue au jardin-th\u00e9\u00e2tre du Moulin Jaune de Slava Polounine le 12 mai 2025: rencontre-hommage \u00e0 l\u2019occasion du 140\u00e8me anniversaire de l&rsquo;acteur et metteur en sc\u00e8ne Charles DULLIN (12 mai 1885 &#8211; 11 d\u00e9cembre 1949).<\/span><\/span><!--more--><\/p>\n<p>\u00ab\u00a0Le concept de th\u00e9\u00e2tralisation de la vie quotidienne, qui caract\u00e9rise mon travail depuis un demi-si\u00e8cle, a \u00e9t\u00e9 th\u00e9oris\u00e9 par Nikola\u00ef Evre\u00efnov, dramaturge et auteur, ami de l\u2019acteur, metteur en sc\u00e8ne et directeur de th\u00e9\u00e2tre fran\u00e7ais Charles Dullin. Je suis un \u00e9l\u00e8ve de Marcel Marceau, qui f\u00fbt \u00e9l\u00e8ve de Jean-Louis Barrault, qui f\u00fbt lui-m\u00eame un \u00e9l\u00e8ve de Charles Dullin. Charles Dullin a cr\u00e9\u00e9, travaill\u00e9 et r\u00e9p\u00e9t\u00e9 \u00e0 Cr\u00e9cy-la-Chapelle, en Seine-et-Marne. C\u2019est \u00e9galement l\u00e0 qu\u2019il repose. Et c\u2019est ici que mon chemin le recroise : c\u2019est dans ce m\u00eame village que j\u2019installe en 2001 mon laboratoire de cr\u00e9ation, le Moulin Jaune \u00ab\u00a0. Slava Polounine<\/p>\n<p><div class=\"embed-wrap\"><iframe loading=\"lazy\" title=\"Slava, Le  Moulin Jaune le 12mai 2025\" width=\"1170\" height=\"878\" src=\"https:\/\/www.youtube.com\/embed\/oCDtaYTRzq8?feature=oembed\" frameborder=\"0\" allow=\"accelerometer; autoplay; clipboard-write; encrypted-media; gyroscope; picture-in-picture; web-share\" referrerpolicy=\"strict-origin-when-cross-origin\" allowfullscreen><\/iframe><\/div>\n<\/p>\n<p>&nbsp;<\/p>\n","protected":false},"excerpt":{"rendered":"<p>Le reportage improvis\u00e9 en deux parties avec \u00e9pilogue au jardin-th\u00e9\u00e2tre du Moulin Jaune de Slava Polounine le 12 mai 2025: rencontre-hommage \u00e0 l\u2019occasion du 140\u00e8me anniversaire de l&rsquo;acteur et metteur en sc\u00e8ne Charles DULLIN (12 mai 1885 &#8211; 11 d\u00e9cembre 1949).<\/p>\n","protected":false},"author":8,"featured_media":26511,"comment_status":"closed","ping_status":"closed","sticky":false,"template":"","format":"standard","meta":{"iawp_total_views":53,"footnotes":""},"categories":[31,2],"tags":[],"class_list":["post-26508","post","type-post","status-publish","format-standard","has-post-thumbnail","hentry","category-video","category-theatre"],"_links":{"self":[{"href":"https:\/\/afficha.info\/index.php?rest_route=\/wp\/v2\/posts\/26508","targetHints":{"allow":["GET"]}}],"collection":[{"href":"https:\/\/afficha.info\/index.php?rest_route=\/wp\/v2\/posts"}],"about":[{"href":"https:\/\/afficha.info\/index.php?rest_route=\/wp\/v2\/types\/post"}],"author":[{"embeddable":true,"href":"https:\/\/afficha.info\/index.php?rest_route=\/wp\/v2\/users\/8"}],"replies":[{"embeddable":true,"href":"https:\/\/afficha.info\/index.php?rest_route=%2Fwp%2Fv2%2Fcomments&post=26508"}],"version-history":[{"count":0,"href":"https:\/\/afficha.info\/index.php?rest_route=\/wp\/v2\/posts\/26508\/revisions"}],"wp:featuredmedia":[{"embeddable":true,"href":"https:\/\/afficha.info\/index.php?rest_route=\/wp\/v2\/media\/26511"}],"wp:attachment":[{"href":"https:\/\/afficha.info\/index.php?rest_route=%2Fwp%2Fv2%2Fmedia&parent=26508"}],"wp:term":[{"taxonomy":"category","embeddable":true,"href":"https:\/\/afficha.info\/index.php?rest_route=%2Fwp%2Fv2%2Fcategories&post=26508"},{"taxonomy":"post_tag","embeddable":true,"href":"https:\/\/afficha.info\/index.php?rest_route=%2Fwp%2Fv2%2Ftags&post=26508"}],"curies":[{"name":"wp","href":"https:\/\/api.w.org\/{rel}","templated":true}]}}